{"id":179,"date":"2020-12-24T12:20:46","date_gmt":"2020-12-24T11:20:46","guid":{"rendered":"https:\/\/www.svoboda-projevu.cz\/?p=179"},"modified":"2021-04-11T03:02:41","modified_gmt":"2021-04-11T01:02:41","slug":"vanocni-vzkaz-panu-b-posseltovi","status":"publish","type":"post","link":"https:\/\/www.svoboda-projevu.cz\/?p=179","title":{"rendered":"V\u00e1no\u010dn\u00ed vzkaz panu B. Posseltovi."},"content":{"rendered":"<p>Pane Posselte,<\/p>\n<p>se slzou v oku jsem p\u0159etrp\u011bl Va\u0161e video, ve kter\u00e9m si st\u011b\u017eujete, \u017ee odsun N\u011bmc\u016f po v\u00e1lce bylo bezpr\u00e1v\u00ed a v podstat\u011b \u010distka.<\/p>\n<p><!--more--><\/p>\n<p>M\u00e1me pr\u00e1v\u011b v\u00e1noce a proto bych V\u00e1m r\u00e1d p\u0159ipomn\u011bl n\u011bkolik fakt\u016f:<\/p>\n<p>D\u00edky V\u00e1m (my\u0161leno N\u011bmc\u016fm) jsou mili\u00f3ny rodin, kter\u00e9 dnes slavit v\u00e1noce nemohou a nikdy nebudou. Nem\u011bli to \u0161t\u011bst\u00ed, \u017ee byli odsunuti do zem\u011b, jejich\u017e sou\u010d\u00e1sti cht\u011bli, jak ve\u0159ejn\u011b prohla\u0161ovali, b\u00fdt. M\u011bli tu sm\u016flu, \u017ee narazili na va\u0161i (n\u011bmeckou) rozp\u00ednavost a touze po nadvl\u00e1d\u011b Va\u0161ich spoluob\u010dan\u016f nad untermensch. Proto byli zplynov\u00e1ni, udu\u0161eni v\u00fdfukov\u00fdmi zplodinami v autech, zast\u0159eleni, gilotinov\u00e1ni nebo jinak, v\u00e1mi N\u011bmci, d\u016fmysln\u011b a vynal\u00e9zav\u011b zavra\u017ed\u011bni.<\/p>\n<p>V\u00e1\u0161 n\u00e1rod rozpoutal nebo pom\u00e1hal rozpoutat dva celosv\u011btov\u00e9 konflikty, kdy po\u010det ob\u011bt\u00ed \u0161el do des\u00edtek mili\u00f3n\u016f. Na\u0161t\u011bst\u00ed existuje vy\u0161\u0161\u00ed spravedlnost a jist\u011b i proto jste byli jako n\u00e1rod po pr\u00e1vu dvakr\u00e1t na hlavu pora\u017eeni. Opakuji, jste po z\u00e1sluze dvakr\u00e1t na hlavu pora\u017een\u00fd n\u00e1rod a nic na tom nem\u011bn\u00ed va\u0161e sou\u010dasn\u00e1 ekonomick\u00e1 s\u00edla. Ostatn\u011b, je velmi pravd\u011bpodobn\u00e9, \u017ee jsme aktu\u00e1ln\u011b znovu sv\u011bdky doby, kdy v\u00e1\u0161 v\u016fdce op\u011bt v\u00fdznamn\u011b p\u0159isp\u00edv\u00e1 k destrukci cel\u00e9 Evropy.<\/p>\n<p>D\u00edky historick\u00fdm fakt\u016fm, bych od V\u00e1s o\u010dek\u00e1val, \u017ee ve v\u00e1no\u010dn\u00edm videu pod\u011bkujete za milosrdenstv\u00ed v\u00edt\u011bz\u016f a fakt, \u017ee s v\u00e1mi nebylo nalo\u017eeno tak, jak jste vy N\u011bmci pl\u00e1novali nalo\u017eit s lidsk\u00fdmi bytostmi &#8220;ne\u00e1rijsk\u00e9ho&#8221; p\u016fvodu, zejm\u00e9na n\u00e1mi Slovany. Provol\u00e1vali jste: <strong>Wir wollen heim ins Reich!<\/strong><strong> &#8211; nam\u00edst\u011b by tedy sp\u00ed\u0161e bylo pod\u011bkov\u00e1n\u00ed, \u017ee jste tam, kde jste cht\u011bli b\u00fdt.<\/strong><\/p>\n<p>My \u010ce\u0161i pou\u017e\u00edv\u00e1me \u00faslov\u00ed, \u017ee jsou situace, kdy si doty\u010dn\u00fd tzv. nevid\u00ed do \u00fast. Plat\u00ed to i ve Va\u0161em p\u0159\u00edpad\u011b, nicm\u00e9n\u011b pr\u00e1v\u011b v tomto konkr\u00e9tn\u00edm p\u0159\u00edpad\u011b bych m\u011bl pro V\u00e1s a Va\u0161e krajany N\u011bmce vzkaz, kter\u00e9mu by jste mohli rozum\u011bt v\u0161ichni &#8211; <b>za hr\u016fzy, kter\u00e9 jste jako n\u011bmeck\u00fd n\u00e1rod rozpoutali, by jste se m\u011bli je\u0161t\u011b p\u0159ed zbytkem sv\u011bta plazit a teprve a\u017e <\/b><b>uplyne<\/b><b> je\u0161t\u011b<\/b><b> mnoho let pokleknout a poprosit o odpu\u0161t\u011bn\u00ed.<\/b><\/p>\n<p align=\"left\">Pane Posselte, p\u0159es v\u0161echna fakta v\u00fd\u0161e uveden\u00e1 a skute\u010dnost, \u017ee jste prop\u00e1sl p\u0159\u00edle\u017eitost ml\u010det, V\u00e1m p\u0159eji klidn\u00e9 pro\u017eit\u00ed sv\u00e1tku v\u00e1no\u010dn\u00edch a jako v\u011b\u0159\u00edc\u00ed ateista se tam naho\u0159e p\u0159imlouv\u00e1m, aby V\u00e1s a Va\u0161e bl\u00edzk\u00e9 u\u017e ve snu netr\u00e1pily vzpom\u00ednky na hr\u016fzy, kter\u00e9 jste vy N\u011bmci na lidech p\u00e1chali.<\/p>\n<p align=\"left\">D. Dvo\u0159\u00e1k<\/p>\n<p align=\"left\"><strong>Licence \u010dl\u00e1nk\u016f: <\/strong>k voln\u00e9mu p\u0159evzet\u00ed za \u00fa\u010delem zve\u0159ejn\u011bn\u00ed<\/p>\n","protected":false},"excerpt":{"rendered":"<p>Pane Posselte, se slzou v oku jsem p\u0159etrp\u011bl Va\u0161e video, ve kter\u00e9m si st\u011b\u017eujete, \u017ee odsun N\u011bmc\u016f po v\u00e1lce bylo<\/p>\n","protected":false},"author":7,"featured_media":235,"comment_status":"open","ping_status":"closed","sticky":false,"template":"","format":"standard","meta":{"_bbp_topic_count":0,"_bbp_reply_count":0,"_bbp_total_topic_count":0,"_bbp_total_reply_count":0,"_bbp_voice_count":0,"_bbp_anonymous_reply_count":0,"_bbp_topic_count_hidden":0,"_bbp_reply_count_hidden":0,"_bbp_forum_subforum_count":0,"cybocfi_hide_featured_image":"","footnotes":"","_links_to":"","_links_to_target":""},"categories":[4,12,11],"tags":[],"class_list":["post-179","post","type-post","status-publish","format-standard","has-post-thumbnail","hentry","category-cesko","category-domaci","category-politika"],"_links":{"self":[{"href":"https:\/\/www.svoboda-projevu.cz\/index.php?rest_route=\/wp\/v2\/posts\/179","targetHints":{"allow":["GET"]}}],"collection":[{"href":"https:\/\/www.svoboda-projevu.cz\/index.php?rest_route=\/wp\/v2\/posts"}],"about":[{"href":"https:\/\/www.svoboda-projevu.cz\/index.php?rest_route=\/wp\/v2\/types\/post"}],"author":[{"embeddable":true,"href":"https:\/\/www.svoboda-projevu.cz\/index.php?rest_route=\/wp\/v2\/users\/7"}],"replies":[{"embeddable":true,"href":"https:\/\/www.svoboda-projevu.cz\/index.php?rest_route=%2Fwp%2Fv2%2Fcomments&post=179"}],"version-history":[{"count":3,"href":"https:\/\/www.svoboda-projevu.cz\/index.php?rest_route=\/wp\/v2\/posts\/179\/revisions"}],"predecessor-version":[{"id":354,"href":"https:\/\/www.svoboda-projevu.cz\/index.php?rest_route=\/wp\/v2\/posts\/179\/revisions\/354"}],"wp:featuredmedia":[{"embeddable":true,"href":"https:\/\/www.svoboda-projevu.cz\/index.php?rest_route=\/wp\/v2\/media\/235"}],"wp:attachment":[{"href":"https:\/\/www.svoboda-projevu.cz\/index.php?rest_route=%2Fwp%2Fv2%2Fmedia&parent=179"}],"wp:term":[{"taxonomy":"category","embeddable":true,"href":"https:\/\/www.svoboda-projevu.cz\/index.php?rest_route=%2Fwp%2Fv2%2Fcategories&post=179"},{"taxonomy":"post_tag","embeddable":true,"href":"https:\/\/www.svoboda-projevu.cz\/index.php?rest_route=%2Fwp%2Fv2%2Ftags&post=179"}],"curies":[{"name":"wp","href":"https:\/\/api.w.org\/{rel}","templated":true}]}}